{"id":413,"date":"2017-09-06T07:50:20","date_gmt":"2017-09-06T07:50:20","guid":{"rendered":"https:\/\/www.caminhosdeferro.pt\/preservacao\/?p=413"},"modified":"2017-10-23T15:31:15","modified_gmt":"2017-10-23T15:31:15","slug":"visita-de-estudo-a-madrid-01-de-dezembro-de-2017","status":"publish","type":"post","link":"https:\/\/www.caminhosdeferro.pt\/preservacao\/2017\/09\/06\/visita-de-estudo-a-madrid-01-de-dezembro-de-2017\/","title":{"rendered":"Visita de Estudo a Madrid &#8211; 01 de Dezembro de 2017 &#8211; Inscri\u00e7\u00f5es fechadas"},"content":{"rendered":"<p style=\"text-align: justify;\"><strong>Devido \u00e0 procura abaixo das expectativas, republicamos o programa desta visita de estudo observando-se as seguintes altera\u00e7\u00f5es: introdu\u00e7\u00e3o de limite de inscri\u00e7\u00f5es e todo o grupo passa a poder visitar a f\u00e1brica da Talgo, sendo retirada a viagem na linha de Los Cotos que era a sua alternativa.<\/strong><\/p>\n<p>&nbsp;<\/p>\n<p style=\"text-align: justify;\">A sec\u00e7\u00e3o de Preserva\u00e7\u00e3o Ferrovi\u00e1ria promove a 01 de Dezembro uma visita \u00e0 capital espanhola com quatro objetivos em mente: viagens de comboio, conhecer a f\u00e1brica da Talgo, uma visita especial ao museu dos caminhos de ferro das Delicias e um almo\u00e7o de Natal antecipado a bordo de uma carruagem Wagons Lits.<\/p>\n<p><img loading=\"lazy\" decoding=\"async\" class=\"alignright size-full wp-image-417\" src=\"https:\/\/www.caminhosdeferro.pt\/preservacao\/wp-content\/uploads\/sites\/4\/2017\/08\/IMG_7534.jpg\" alt=\"\" width=\"300\" height=\"450\" srcset=\"https:\/\/www.caminhosdeferro.pt\/preservacao\/wp-content\/uploads\/sites\/4\/2017\/08\/IMG_7534.jpg 300w, https:\/\/www.caminhosdeferro.pt\/preservacao\/wp-content\/uploads\/sites\/4\/2017\/08\/IMG_7534-200x300.jpg 200w\" sizes=\"auto, (max-width: 300px) 100vw, 300px\" \/><\/p>\n<h3>Programa<\/h3>\n<ol>\n<li>Embarque no comboio Lusit\u00e2nia de dia 30 de Novembro, para Madrid;<\/li>\n<li>Visita matinal \u00e0 f\u00e1brica de Las Matas;<\/li>\n<li>Viagem de suburbano at\u00e9 Madrid &#8211; Delicias;<\/li>\n<li>Almo\u00e7o de conv\u00edvio a bordo de uma carruagem Wagons Lits, estacionada no museu dos caminhos de ferro;<\/li>\n<li>Visita guiada ao Museu dos caminhos de ferro e aos trabalhos de restauro que decorrem no recinto;<\/li>\n<li>Tempo livre ao final da tarde, na capital espanhola;<\/li>\n<li>Embarque no comboio Lusit\u00e2nia de dia 01 de Dezembro, para Lisboa.<\/li>\n<\/ol>\n<p>&nbsp;<\/p>\n<h3>Op\u00e7\u00f5es e Custos:<\/h3>\n<p style=\"text-align: justify;\">O pre\u00e7o \u00e9 \u00fanico independentemente do local de embarque em Portugal. Caso a sua origem seja numa esta\u00e7\u00e3o onde o comboio Lusit\u00e2nia n\u00e3o realize paragem comercial, deve ainda prever o transporte at\u00e9 uma das suas esta\u00e7\u00f5es de paragem.<\/p>\n<p style=\"text-align: justify;\">Existem op\u00e7\u00f5es com e sem almo\u00e7o. Os vencedores do Concurso APAC &#8211; Talgo t\u00eam prefer\u00eancia na reserva do seu lugar, j\u00e1 que ganharam o direito a visitar a f\u00e1brica da Talgo. Quem \u00e0 data da sua participa\u00e7\u00e3o fosse j\u00e1 s\u00f3cio da APAC tem direito a bonifica\u00e7\u00e3o de 3,50\u20ac no pre\u00e7o total do programa, a deduzir para pagamento.<\/p>\n<p>&nbsp;<\/p>\n<table class=\" aligncenter\" style=\"width: 1377px;\">\n<tbody>\n<tr>\n<td style=\"width: 264px;\">\n<h4>Tipo de Programa<\/h4>\n<\/td>\n<td style=\"width: 196px;\">\n<h4>Lugar deitado no Lusit\u00e2nia<\/h4>\n<\/td>\n<td style=\"width: 199px;\">\n<h4>Lugar sentado no Lusit\u00e2nia<\/h4>\n<\/td>\n<\/tr>\n<tr>\n<td style=\"width: 264px;\">Talgo + Almo\u00e7o + Museu<\/td>\n<td style=\"width: 196px;\">130\u20ac<\/td>\n<td style=\"width: 199px;\">105\u20ac<\/td>\n<\/tr>\n<tr>\n<td style=\"width: 264px;\">Talgo + Museu<\/td>\n<td style=\"width: 196px;\">120\u20ac<\/td>\n<td style=\"width: 199px;\">95\u20ac<\/td>\n<\/tr>\n<\/tbody>\n<\/table>\n<p style=\"text-align: justify;\">Nota: para reserva de lugares deitados, a reserva \u00e9 feita em m\u00faltiplos de quatro pessoas. Como tal, se n\u00e3o houver suficientes pessoas para encher um compartimento de quatro pessoas as reservas ser\u00e3o automaticamente convertidas em lugar sentado, salvo se comunicado o contr\u00e1rio pelo participante.<\/p>\n<p>&nbsp;<\/p>\n<h3>Inscri\u00e7\u00f5es, Pagamentos e Prazos<\/h3>\n<p>Para inscri\u00e7\u00e3o basta enviar um email para preservacao@caminhosdeferro.pt, indicando a sua vontade de se inscrever. Deve incluir como informa\u00e7\u00f5es:<\/p>\n<ul>\n<li>Nome, email e telefone;<\/li>\n<li>N\u00famero de pessoas a inscrever;<\/li>\n<li>Plano escolhido e tipo de lugar no Lusit\u00e2nia<\/li>\n<\/ul>\n<p><strong>As inscri\u00e7\u00f5es est\u00e3o fechadas.<\/strong><\/p>\n<p>&nbsp;<\/p>\n<p><img loading=\"lazy\" decoding=\"async\" class=\"aligncenter size-full wp-image-419\" src=\"https:\/\/www.caminhosdeferro.pt\/preservacao\/wp-content\/uploads\/sites\/4\/2017\/08\/IMG_7513.jpg\" alt=\"\" width=\"800\" height=\"450\" srcset=\"https:\/\/www.caminhosdeferro.pt\/preservacao\/wp-content\/uploads\/sites\/4\/2017\/08\/IMG_7513.jpg 800w, https:\/\/www.caminhosdeferro.pt\/preservacao\/wp-content\/uploads\/sites\/4\/2017\/08\/IMG_7513-300x169.jpg 300w, https:\/\/www.caminhosdeferro.pt\/preservacao\/wp-content\/uploads\/sites\/4\/2017\/08\/IMG_7513-768x432.jpg 768w\" sizes=\"auto, (max-width: 800px) 100vw, 800px\" \/><\/p>\n<p style=\"text-align: justify;\">A sua inscri\u00e7\u00e3o ser\u00e1 confirmada apenas ap\u00f3s pagamento do programa para o IBAN da APAC. Pedimos que enviem para o mesmo endere\u00e7o de email o comprovativo da transfer\u00eancia, para valida\u00e7\u00e3o do pagamento.<\/p>\n<p style=\"text-align: justify;\">Se necessitar de ajuda para obter mais dados banc\u00e1rios de pagamento nomeadamente para transfer\u00eancias internacionais, entre em contacto pelo mesmo endere\u00e7o de email.<\/p>\n<p>IBAN:&nbsp;PT50001000004615282000191<\/p>\n<p>&nbsp;<\/p>\n<p>Prazos:<\/p>\n<ul>\n<li>Pagamentos at\u00e9 04 de Novembro<\/li>\n<\/ul>\n<p>Todas as inscri\u00e7\u00f5es n\u00e3o pagas (comprovativo enviado) at\u00e9 04 de Novembro ser\u00e3o canceladas.<\/p>\n<p>&nbsp;<\/p>\n<p><img loading=\"lazy\" decoding=\"async\" class=\"aligncenter size-full wp-image-420\" style=\"text-align: justify;\" src=\"https:\/\/www.caminhosdeferro.pt\/preservacao\/wp-content\/uploads\/sites\/4\/2017\/08\/IMG_7929.jpg\" alt=\"\" width=\"800\" height=\"450\" srcset=\"https:\/\/www.caminhosdeferro.pt\/preservacao\/wp-content\/uploads\/sites\/4\/2017\/08\/IMG_7929.jpg 800w, https:\/\/www.caminhosdeferro.pt\/preservacao\/wp-content\/uploads\/sites\/4\/2017\/08\/IMG_7929-300x169.jpg 300w, https:\/\/www.caminhosdeferro.pt\/preservacao\/wp-content\/uploads\/sites\/4\/2017\/08\/IMG_7929-768x432.jpg 768w\" sizes=\"auto, (max-width: 800px) 100vw, 800px\" \/><\/p>\n<p>&nbsp;<\/p>\n<h3>O Concurso APAC &#8211; Talgo<\/h3>\n<p style=\"text-align: justify;\">Realiz\u00e1mos este ano um concurso fotogr\u00e1fico e de v\u00eddeo dedicado aos comboios Talgo em Portugal, em parceria com a Talgo. Os vencedores ganharam a oportunidade \u00fanica de visitarem a f\u00e1brica de Las Matas, perto de Madrid, e os tr\u00eas primeiros classificados ir\u00e3o receber o seu pr\u00e9mio adicional &#8211; comboios \u00e0 escala.<\/p>\n<p style=\"text-align: justify;\">Deste modo, os vencedores do concurso que ingressarem nesta viagem ter\u00e3o a oportunidade de, na manh\u00e3 de 01 de Dezembro, conhecer uma das mais importantes f\u00e1bricas de comboios do nosso continente e onde a inova\u00e7\u00e3o \u00e9 uma constante.<\/p>\n<p style=\"text-align: justify;\">Os vencedores, j\u00e1 contactados, encontram-se divulgados na seguinte liga\u00e7\u00e3o:&nbsp;<a href=\"https:\/\/www.caminhosdeferro.pt\/blog\/2017\/05\/28\/concurso-de-fotografia-e-video-apac-talgo-os-resultados\/\" target=\"_blank\" rel=\"noopener\">https:\/\/www.caminhosdeferro.pt\/blog\/2017\/05\/28\/concurso-de-fotografia-e-video-apac-talgo-os-resultados\/<\/a><\/p>\n<p style=\"text-align: justify;\">Recordamos ainda que os participantes que ingressarem nesta viagem e que fossem s\u00f3cios \u00e0 data da sua participa\u00e7\u00e3o t\u00eam uma bonifica\u00e7\u00e3o no valor da entrada no Museu das Delicias, como agradecimento pela participa\u00e7\u00e3o neste concurso.<\/p>\n<p style=\"text-align: justify;\">Oportunamente divulgaremos ainda mais uma oportunidade de ingressar nesta visita, caso n\u00e3o lhe tenha sa\u00eddo esse pr\u00e9mio em sorte no concurso que realiz\u00e1mos no primeiro semestre do ano!<\/p>\n","protected":false},"excerpt":{"rendered":"<p>Devido \u00e0 procura abaixo das expectativas, republicamos o programa desta visita de estudo observando-se as seguintes altera\u00e7\u00f5es: introdu\u00e7\u00e3o de limite de inscri\u00e7\u00f5es e todo o grupo passa a poder visitar a f\u00e1brica da Talgo, sendo retirada a viagem na linha de Los Cotos que era&nbsp;<a class=\"read-more\" href=\"https:\/\/www.caminhosdeferro.pt\/preservacao\/2017\/09\/06\/visita-de-estudo-a-madrid-01-de-dezembro-de-2017\/\">&hellip;<\/a><\/p>\n","protected":false},"author":248,"featured_media":416,"comment_status":"open","ping_status":"open","sticky":false,"template":"","format":"standard","meta":{"footnotes":""},"categories":[16],"tags":[77,70,72,76],"class_list":["post-413","post","type-post","status-publish","format-standard","has-post-thumbnail","hentry","category-visitas-de-estudo","tag-delicias","tag-madrid","tag-museu","tag-talgo"],"_links":{"self":[{"href":"https:\/\/www.caminhosdeferro.pt\/preservacao\/wp-json\/wp\/v2\/posts\/413","targetHints":{"allow":["GET"]}}],"collection":[{"href":"https:\/\/www.caminhosdeferro.pt\/preservacao\/wp-json\/wp\/v2\/posts"}],"about":[{"href":"https:\/\/www.caminhosdeferro.pt\/preservacao\/wp-json\/wp\/v2\/types\/post"}],"author":[{"embeddable":true,"href":"https:\/\/www.caminhosdeferro.pt\/preservacao\/wp-json\/wp\/v2\/users\/248"}],"replies":[{"embeddable":true,"href":"https:\/\/www.caminhosdeferro.pt\/preservacao\/wp-json\/wp\/v2\/comments?post=413"}],"version-history":[{"count":10,"href":"https:\/\/www.caminhosdeferro.pt\/preservacao\/wp-json\/wp\/v2\/posts\/413\/revisions"}],"predecessor-version":[{"id":508,"href":"https:\/\/www.caminhosdeferro.pt\/preservacao\/wp-json\/wp\/v2\/posts\/413\/revisions\/508"}],"wp:featuredmedia":[{"embeddable":true,"href":"https:\/\/www.caminhosdeferro.pt\/preservacao\/wp-json\/wp\/v2\/media\/416"}],"wp:attachment":[{"href":"https:\/\/www.caminhosdeferro.pt\/preservacao\/wp-json\/wp\/v2\/media?parent=413"}],"wp:term":[{"taxonomy":"category","embeddable":true,"href":"https:\/\/www.caminhosdeferro.pt\/preservacao\/wp-json\/wp\/v2\/categories?post=413"},{"taxonomy":"post_tag","embeddable":true,"href":"https:\/\/www.caminhosdeferro.pt\/preservacao\/wp-json\/wp\/v2\/tags?post=413"}],"curies":[{"name":"wp","href":"https:\/\/api.w.org\/{rel}","templated":true}]}}