{"id":352,"date":"2017-02-25T10:49:12","date_gmt":"2017-02-25T10:49:12","guid":{"rendered":"https:\/\/www.caminhosdeferro.pt\/preservacao\/?p=352"},"modified":"2017-02-19T17:42:30","modified_gmt":"2017-02-19T17:42:30","slug":"visita-ao-museu-das-delicias-madrid","status":"publish","type":"post","link":"https:\/\/www.caminhosdeferro.pt\/preservacao\/2017\/02\/25\/visita-ao-museu-das-delicias-madrid\/","title":{"rendered":"Visita ao Museu das Del\u00edcias &#8211; Madrid"},"content":{"rendered":"<p style=\"text-align: justify;\">Vamos organizar uma visita de estudo ao Museu das Del\u00edcias, em Madrid &#8211; o principal museu ferrovi\u00e1rio de Espanha.<\/p>\n<p style=\"text-align: justify;\">A data da visita ser\u00e1 o dia 01 de Dezembro de 2017, aproveitando o feriado nacional.<\/p>\n<p style=\"text-align: justify;\">Incluir\u00e1 viagem de ida e volta no comboio Lusit\u00e2nia Lisboa &#8211; Madrid. <a href=\"https:\/\/www.caminhosdeferro.pt\/blog\/2017\/02\/18\/concurso-de-fotografias-e-videos-apac-talgo-os-comboios-talgo-em-portugal\/\" target=\"_blank\">Os vencedores do concurso fotogr\u00e1fico e de v\u00eddeo Talgo e APAC<\/a> ir\u00e3o ainda visitar a f\u00e1brica de Las Matas II, onde a Talgo monta os seus comboios, com grande destaque nesta altura para o AVE do Deserto, o incr\u00edvel comboio para a Ar\u00e1bia Saudita que ligar\u00e1 Medina e Meca.<\/p>\n<p style=\"text-align: justify;\"><img loading=\"lazy\" decoding=\"async\" class=\"aligncenter size-full wp-image-357\" src=\"https:\/\/www.caminhosdeferro.pt\/preservacao\/wp-content\/uploads\/sites\/4\/2017\/02\/IMG_4867.jpg\" alt=\"\" width=\"1200\" height=\"300\" srcset=\"https:\/\/www.caminhosdeferro.pt\/preservacao\/wp-content\/uploads\/sites\/4\/2017\/02\/IMG_4867.jpg 1200w, https:\/\/www.caminhosdeferro.pt\/preservacao\/wp-content\/uploads\/sites\/4\/2017\/02\/IMG_4867-300x75.jpg 300w, https:\/\/www.caminhosdeferro.pt\/preservacao\/wp-content\/uploads\/sites\/4\/2017\/02\/IMG_4867-768x192.jpg 768w, https:\/\/www.caminhosdeferro.pt\/preservacao\/wp-content\/uploads\/sites\/4\/2017\/02\/IMG_4867-1024x256.jpg 1024w\" sizes=\"auto, (max-width: 1200px) 100vw, 1200px\" \/><\/p>\n<p style=\"text-align: justify;\">Programa:<\/p>\n<ul style=\"text-align: justify;\">\n<li style=\"text-align: justify;\">Viagem no Lusit\u00e2nia Lisboa &#8211; Madrid, de dia 30 de Novembro de 2017;<\/li>\n<li style=\"text-align: justify;\">Viagem na linha de via estreita Cercedilla &#8211; Los Cotos (excepto para os vencedores do concurso fotogr\u00e1fico e de v\u00eddeo);<\/li>\n<li style=\"text-align: justify;\">Visita \u00e0 f\u00e1brica de Las Matas II (s\u00f3 para vencedores do concurso fotogr\u00e1fico e de v\u00eddeo);<\/li>\n<li style=\"text-align: justify;\">Visita guiada ao Museu de Del\u00edcias;<\/li>\n<li style=\"text-align: justify;\">Regresso no Lusit\u00e2nia Madrid &#8211; Lisboa, de dia 01 de Dezembro de 2017.<\/li>\n<\/ul>\n<p style=\"text-align: justify;\">Pre\u00e7o estimado (s\u00f3 viagem, lugar sentado): 100\u20ac \/ pessoa ou 117\u20ac \/ pessoa com viagem a Los Cotos.<\/p>\n<p style=\"text-align: justify;\">Mais detalhes ser\u00e3o conhecidos ainda durante o primeiro semestre e as inscri\u00e7\u00f5es abrir\u00e3o posteriormente.<\/p>\n<p style=\"text-align: justify;\">Para saber mais sobre o Museu, <a href=\"http:\/\/www.museodelferrocarril.org\/\" target=\"_blank\">clique aqui<\/a>.<\/p>\n","protected":false},"excerpt":{"rendered":"<p>Vamos organizar uma visita de estudo ao Museu das Del\u00edcias, em Madrid &#8211; o principal museu ferrovi\u00e1rio de Espanha. A data da visita ser\u00e1 o dia 01 de Dezembro de 2017, aproveitando o feriado nacional. Incluir\u00e1 viagem de ida e volta no comboio Lusit\u00e2nia Lisboa&nbsp;<a class=\"read-more\" href=\"https:\/\/www.caminhosdeferro.pt\/preservacao\/2017\/02\/25\/visita-ao-museu-das-delicias-madrid\/\">&hellip;<\/a><\/p>\n","protected":false},"author":248,"featured_media":353,"comment_status":"open","ping_status":"open","sticky":false,"template":"","format":"standard","meta":{"footnotes":""},"categories":[16],"tags":[70],"class_list":["post-352","post","type-post","status-publish","format-standard","has-post-thumbnail","hentry","category-visitas-de-estudo","tag-madrid"],"_links":{"self":[{"href":"https:\/\/www.caminhosdeferro.pt\/preservacao\/wp-json\/wp\/v2\/posts\/352","targetHints":{"allow":["GET"]}}],"collection":[{"href":"https:\/\/www.caminhosdeferro.pt\/preservacao\/wp-json\/wp\/v2\/posts"}],"about":[{"href":"https:\/\/www.caminhosdeferro.pt\/preservacao\/wp-json\/wp\/v2\/types\/post"}],"author":[{"embeddable":true,"href":"https:\/\/www.caminhosdeferro.pt\/preservacao\/wp-json\/wp\/v2\/users\/248"}],"replies":[{"embeddable":true,"href":"https:\/\/www.caminhosdeferro.pt\/preservacao\/wp-json\/wp\/v2\/comments?post=352"}],"version-history":[{"count":5,"href":"https:\/\/www.caminhosdeferro.pt\/preservacao\/wp-json\/wp\/v2\/posts\/352\/revisions"}],"predecessor-version":[{"id":371,"href":"https:\/\/www.caminhosdeferro.pt\/preservacao\/wp-json\/wp\/v2\/posts\/352\/revisions\/371"}],"wp:featuredmedia":[{"embeddable":true,"href":"https:\/\/www.caminhosdeferro.pt\/preservacao\/wp-json\/wp\/v2\/media\/353"}],"wp:attachment":[{"href":"https:\/\/www.caminhosdeferro.pt\/preservacao\/wp-json\/wp\/v2\/media?parent=352"}],"wp:term":[{"taxonomy":"category","embeddable":true,"href":"https:\/\/www.caminhosdeferro.pt\/preservacao\/wp-json\/wp\/v2\/categories?post=352"},{"taxonomy":"post_tag","embeddable":true,"href":"https:\/\/www.caminhosdeferro.pt\/preservacao\/wp-json\/wp\/v2\/tags?post=352"}],"curies":[{"name":"wp","href":"https:\/\/api.w.org\/{rel}","templated":true}]}}