{"id":347,"date":"2017-01-27T21:01:48","date_gmt":"2017-01-27T21:01:48","guid":{"rendered":"https:\/\/www.caminhosdeferro.pt\/preservacao\/?p=347"},"modified":"2017-01-27T10:07:23","modified_gmt":"2017-01-27T10:07:23","slug":"ultimos-dias-de-inscricoes-para-riotinto","status":"publish","type":"post","link":"https:\/\/www.caminhosdeferro.pt\/preservacao\/2017\/01\/27\/ultimos-dias-de-inscricoes-para-riotinto\/","title":{"rendered":"\u00daltimos dias de inscri\u00e7\u00f5es para Riotinto"},"content":{"rendered":"<p style=\"text-align: justify;\">Decorre at\u00e9 dia 31 de Janeiro a fase de inscri\u00e7\u00f5es para a visita de estudo ao caminho de ferro mineiro de Riotinto, cujo programa est\u00e1 detalhado <a href=\"https:\/\/www.caminhosdeferro.pt\/preservacao\/2016\/11\/23\/visita-de-estudo-a-riotinto-inscricoes-abertas\/\" target=\"_blank\">neste post<\/a>.<\/p>\n<p style=\"text-align: justify;\">As \u00faltimas vagas est\u00e3o assim dispon\u00edveis durante mais alguns dias para um programa a n\u00e3o perder&nbsp;e que n\u00e3o \u00e9 habitualmente realiz\u00e1vel por iniciativa individual, incorporando comboios a vapor e a diesel.<\/p>\n","protected":false},"excerpt":{"rendered":"<p>Decorre at\u00e9 dia 31 de Janeiro a fase de inscri\u00e7\u00f5es para a visita de estudo ao caminho de ferro mineiro de Riotinto, cujo programa est\u00e1 detalhado neste post. As \u00faltimas vagas est\u00e3o assim dispon\u00edveis durante mais alguns dias para um programa a n\u00e3o perder&nbsp;e que&nbsp;<a class=\"read-more\" href=\"https:\/\/www.caminhosdeferro.pt\/preservacao\/2017\/01\/27\/ultimos-dias-de-inscricoes-para-riotinto\/\">&hellip;<\/a><\/p>\n","protected":false},"author":248,"featured_media":348,"comment_status":"open","ping_status":"open","sticky":false,"template":"","format":"standard","meta":{"footnotes":""},"categories":[16],"tags":[62],"class_list":["post-347","post","type-post","status-publish","format-standard","has-post-thumbnail","hentry","category-visitas-de-estudo","tag-riotinto"],"_links":{"self":[{"href":"https:\/\/www.caminhosdeferro.pt\/preservacao\/wp-json\/wp\/v2\/posts\/347","targetHints":{"allow":["GET"]}}],"collection":[{"href":"https:\/\/www.caminhosdeferro.pt\/preservacao\/wp-json\/wp\/v2\/posts"}],"about":[{"href":"https:\/\/www.caminhosdeferro.pt\/preservacao\/wp-json\/wp\/v2\/types\/post"}],"author":[{"embeddable":true,"href":"https:\/\/www.caminhosdeferro.pt\/preservacao\/wp-json\/wp\/v2\/users\/248"}],"replies":[{"embeddable":true,"href":"https:\/\/www.caminhosdeferro.pt\/preservacao\/wp-json\/wp\/v2\/comments?post=347"}],"version-history":[{"count":2,"href":"https:\/\/www.caminhosdeferro.pt\/preservacao\/wp-json\/wp\/v2\/posts\/347\/revisions"}],"predecessor-version":[{"id":350,"href":"https:\/\/www.caminhosdeferro.pt\/preservacao\/wp-json\/wp\/v2\/posts\/347\/revisions\/350"}],"wp:featuredmedia":[{"embeddable":true,"href":"https:\/\/www.caminhosdeferro.pt\/preservacao\/wp-json\/wp\/v2\/media\/348"}],"wp:attachment":[{"href":"https:\/\/www.caminhosdeferro.pt\/preservacao\/wp-json\/wp\/v2\/media?parent=347"}],"wp:term":[{"taxonomy":"category","embeddable":true,"href":"https:\/\/www.caminhosdeferro.pt\/preservacao\/wp-json\/wp\/v2\/categories?post=347"},{"taxonomy":"post_tag","embeddable":true,"href":"https:\/\/www.caminhosdeferro.pt\/preservacao\/wp-json\/wp\/v2\/tags?post=347"}],"curies":[{"name":"wp","href":"https:\/\/api.w.org\/{rel}","templated":true}]}}