{"id":318,"date":"2016-11-23T20:37:20","date_gmt":"2016-11-23T20:37:20","guid":{"rendered":"https:\/\/www.caminhosdeferro.pt\/preservacao\/?p=318"},"modified":"2016-11-24T10:34:43","modified_gmt":"2016-11-24T10:34:43","slug":"visita-de-estudo-a-riotinto-inscricoes-abertas","status":"publish","type":"post","link":"https:\/\/www.caminhosdeferro.pt\/preservacao\/2016\/11\/23\/visita-de-estudo-a-riotinto-inscricoes-abertas\/","title":{"rendered":"Visita de Estudo a Riotinto &#8211; Inscri\u00e7\u00f5es abertas"},"content":{"rendered":"<figure id=\"attachment_325\" aria-describedby=\"caption-attachment-325\" style=\"width: 212px\" class=\"wp-caption alignright\"><a href=\"https:\/\/www.caminhosdeferro.pt\/preservacao\/wp-content\/uploads\/sites\/4\/2016\/11\/cartaz_riotinto.jpg\"><img loading=\"lazy\" decoding=\"async\" class=\"size-medium wp-image-325\" src=\"https:\/\/www.caminhosdeferro.pt\/preservacao\/wp-content\/uploads\/sites\/4\/2016\/11\/cartaz_riotinto-212x300.jpg\" alt=\"Cartaz do evento.\" width=\"212\" height=\"300\" srcset=\"https:\/\/www.caminhosdeferro.pt\/preservacao\/wp-content\/uploads\/sites\/4\/2016\/11\/cartaz_riotinto-212x300.jpg 212w, https:\/\/www.caminhosdeferro.pt\/preservacao\/wp-content\/uploads\/sites\/4\/2016\/11\/cartaz_riotinto-768x1086.jpg 768w, https:\/\/www.caminhosdeferro.pt\/preservacao\/wp-content\/uploads\/sites\/4\/2016\/11\/cartaz_riotinto-724x1024.jpg 724w, https:\/\/www.caminhosdeferro.pt\/preservacao\/wp-content\/uploads\/sites\/4\/2016\/11\/cartaz_riotinto.jpg 2000w\" sizes=\"auto, (max-width: 212px) 100vw, 212px\" \/><\/a><figcaption id=\"caption-attachment-325\" class=\"wp-caption-text\">Cartaz do evento.<\/figcaption><\/figure>\n<p style=\"text-align: justify;\">A sec\u00e7\u00e3o de Preserva\u00e7\u00e3o Ferrovi\u00e1ria e Lazer vai realizar a sua primeira visita de estudo no dia 02 de Abril de 2017 &#8211; o primeiro destino \u00e9 Riotinto, o fant\u00e1stico complexo mineiro da prov\u00edncia de Huelva, Espanha.<\/p>\n<p style=\"text-align: justify;\">Em Riotinto um imenso complexo mineiro \u00e9 hoje em dia um centro de interpreta\u00e7\u00e3o da atividade mineira e incorpora patrim\u00f3nio industrial de grande valor, nomeadamente duas sec\u00e7\u00f5es de caminho de ferro por onde circulam pontualmente circula\u00e7\u00f5es a vapor (7 km) e a diesel (22 km).<\/p>\n<p style=\"text-align: justify;\">O programa que propomos a todos os interessados compreende a visita ao Museu Mineiro, \u00e0 Mina Romana, \u00e0 Casa Vitoriana e \u00e0 Galeria Mineira, tudo isto complementado por uma viagem no comboio a vapor &#8211; que inclui a locomotiva funcional mais antiga de Espanha &#8211; e fechando ao fim da tarde com a circula\u00e7\u00e3o diesel, de maior extens\u00e3o e por paisagens mais espetaculares.<\/p>\n<p style=\"text-align: justify;\">Riotinto alberga paisagens mineiras e naturais absolutamente imperd\u00edveis, para l\u00e1 do imenso esp\u00f3lio impecavelmente mantido e interpretado no local, sendo o Parque Minero de Riotinto considerado por uma ampla comunidade cient\u00edfica como \u00fanico a n\u00edvel mundial.<\/p>\n<p style=\"text-align: justify;\">O ponto de encontro ser\u00e1 na esta\u00e7\u00e3o do Oriente, de onde sairemos em autocarro alugado para Espanha. Ter\u00e1 paragens no Pinhal Novo (se houver interesse de algu\u00e9m para l\u00e1 embarcar\/desembarcar) e em Beja. O programa n\u00e3o inclui almo\u00e7o pelo que sugerimos a todos os participantes que levem comida consigo para o dia.<\/p>\n<p style=\"text-align: justify;\">&nbsp;<\/p>\n<p style=\"text-align: justify;\"><strong>Detalhes do programa:<\/strong><\/p>\n<table>\n<tbody>\n<tr>\n<td>Dia:<\/td>\n<td>02-04-2017 (Domingo)<\/td>\n<td>&nbsp;<\/td>\n<\/tr>\n<tr>\n<td>Partida de Lisboa Oriente:<\/td>\n<td>06:30 &#8211; Reuni\u00e3o&nbsp;\u00e0s 06:15<\/td>\n<td>&nbsp;<\/td>\n<\/tr>\n<tr>\n<td>Chegada a Lisboa Oriente:<\/td>\n<td>21:45<\/td>\n<td>&nbsp;<\/td>\n<\/tr>\n<tr>\n<td>Pre\u00e7o do programa:<\/td>\n<td>55\u20ac \/ pessoa<\/td>\n<td>&nbsp;<\/td>\n<\/tr>\n<tr>\n<td>N\u00ba M\u00ednimo de Participantes:<\/td>\n<td>35<\/td>\n<td>&nbsp;<\/td>\n<\/tr>\n<tr>\n<td>N\u00ba M\u00e1ximo de Participantes:<\/td>\n<td>50<\/td>\n<td>&nbsp;<\/td>\n<\/tr>\n<\/tbody>\n<\/table>\n<p style=\"text-align: justify;\"><em>Paragem no Pinhal Novo &#8211; Paragem em frente&nbsp;\u00e0 Caixa Agr\u00edcola, perto da esta\u00e7\u00e3o: 06:50<\/em><\/p>\n<p style=\"text-align: justify;\"><em>Paragem em Beja &#8211; \u00c1rea de servi\u00e7o da Galp, junto ao parque da Cidade e perto do Cemit\u00e9rio (Rua de Lisboa): 09:00 &#8211; 09:15<\/em><\/p>\n<p>&nbsp;<\/p>\n<p><strong>Objetivos da visita de estudo:<\/strong><\/p>\n<ul>\n<li>Ver um caso de sucesso de preserva\u00e7\u00e3o de patrim\u00f3nio industrial e ferrovi\u00e1rio;<\/li>\n<li>Viajar num comboio a vapor e a diesel;<\/li>\n<li>Conv\u00edvio entre todos os participantes.<\/li>\n<\/ul>\n<p>&nbsp;<\/p>\n<p><strong>Inscri\u00e7\u00f5es:<\/strong><\/p>\n<p>O processo de inscri\u00e7\u00e3o \u00e9 simples, bastando para tal:<\/p>\n<ul>\n<li style=\"text-align: justify;\">Enviar email para preservacao@caminhosdeferro.pt, indicando nome e telefone de contacto, juntamente com o n\u00famero de pessoas a inscrever (incluindo o pr\u00f3prio);<\/li>\n<li style=\"text-align: justify;\">Ap\u00f3s confirma\u00e7\u00e3o de disponibilidade de lugares, efetuar o pagamento por transfer\u00eancia banc\u00e1ria, para o IBAN&nbsp;da sede da APAC, que ser\u00e1 fornecido por email e que pode ser tamb\u00e9m consultado em:&nbsp;<a href=\"https:\/\/www.caminhosdeferro.pt\/sobre-a-associacao\/contactos\/\" target=\"_blank\">https:\/\/www.caminhosdeferro.pt\/sobre-a-associacao\/contactos\/<\/a><\/li>\n<li style=\"text-align: justify;\">Aparecer no dia e hora marcada e desfrutar da viagem.<\/li>\n<\/ul>\n<p>As inscri\u00e7\u00f5es encerram a 31 de Janeiro de 2017 e o pagamento deve ser efetuado at\u00e9 28 de Fevereiro de 2017.<\/p>\n","protected":false},"excerpt":{"rendered":"<p>A sec\u00e7\u00e3o de Preserva\u00e7\u00e3o Ferrovi\u00e1ria e Lazer vai realizar a sua primeira visita de estudo no dia 02 de Abril de 2017 &#8211; o primeiro destino \u00e9 Riotinto, o fant\u00e1stico complexo mineiro da prov\u00edncia de Huelva, Espanha. Em Riotinto um imenso complexo mineiro \u00e9 hoje&nbsp;<a class=\"read-more\" href=\"https:\/\/www.caminhosdeferro.pt\/preservacao\/2016\/11\/23\/visita-de-estudo-a-riotinto-inscricoes-abertas\/\">&hellip;<\/a><\/p>\n","protected":false},"author":248,"featured_media":325,"comment_status":"open","ping_status":"open","sticky":false,"template":"","format":"standard","meta":{"footnotes":""},"categories":[16],"tags":[62],"class_list":["post-318","post","type-post","status-publish","format-standard","has-post-thumbnail","hentry","category-visitas-de-estudo","tag-riotinto"],"_links":{"self":[{"href":"https:\/\/www.caminhosdeferro.pt\/preservacao\/wp-json\/wp\/v2\/posts\/318","targetHints":{"allow":["GET"]}}],"collection":[{"href":"https:\/\/www.caminhosdeferro.pt\/preservacao\/wp-json\/wp\/v2\/posts"}],"about":[{"href":"https:\/\/www.caminhosdeferro.pt\/preservacao\/wp-json\/wp\/v2\/types\/post"}],"author":[{"embeddable":true,"href":"https:\/\/www.caminhosdeferro.pt\/preservacao\/wp-json\/wp\/v2\/users\/248"}],"replies":[{"embeddable":true,"href":"https:\/\/www.caminhosdeferro.pt\/preservacao\/wp-json\/wp\/v2\/comments?post=318"}],"version-history":[{"count":12,"href":"https:\/\/www.caminhosdeferro.pt\/preservacao\/wp-json\/wp\/v2\/posts\/318\/revisions"}],"predecessor-version":[{"id":336,"href":"https:\/\/www.caminhosdeferro.pt\/preservacao\/wp-json\/wp\/v2\/posts\/318\/revisions\/336"}],"wp:featuredmedia":[{"embeddable":true,"href":"https:\/\/www.caminhosdeferro.pt\/preservacao\/wp-json\/wp\/v2\/media\/325"}],"wp:attachment":[{"href":"https:\/\/www.caminhosdeferro.pt\/preservacao\/wp-json\/wp\/v2\/media?parent=318"}],"wp:term":[{"taxonomy":"category","embeddable":true,"href":"https:\/\/www.caminhosdeferro.pt\/preservacao\/wp-json\/wp\/v2\/categories?post=318"},{"taxonomy":"post_tag","embeddable":true,"href":"https:\/\/www.caminhosdeferro.pt\/preservacao\/wp-json\/wp\/v2\/tags?post=318"}],"curies":[{"name":"wp","href":"https:\/\/api.w.org\/{rel}","templated":true}]}}